{"id":668,"date":"2021-09-13T14:51:36","date_gmt":"2021-09-13T12:51:36","guid":{"rendered":"http:\/\/www.embra.cz\/?p=668"},"modified":"2021-09-13T14:51:37","modified_gmt":"2021-09-13T12:51:37","slug":"obytny-soubor-rodinnych-domu-kurim","status":"publish","type":"post","link":"https:\/\/www.embra.cz\/?p=668","title":{"rendered":"Obytn\u00fd soubor rodinn\u00fdch dom\u016f Ku\u0159im"},"content":{"rendered":"\n<p>14 rodinn\u00fdch dom\u016f v lokalit\u011b \u201eZa Svat\u00fdm J\u00e1nem&#8220;, v Ku\u0159imi.<\/p>\n\n\n<div id=\"themify_builder_content-668\" data-postid=\"668\" class=\"themify_builder_content themify_builder_content-668 themify_builder\">\n\n    <\/div>\n","protected":false},"excerpt":{"rendered":"<p>14 rodinn\u00fdch dom\u016f v lokalit\u011b \u201eZa Svat\u00fdm J\u00e1nem&#8220;, v Ku\u0159imi.<\/p>\n","protected":false},"author":1,"featured_media":669,"comment_status":"closed","ping_status":"open","sticky":false,"template":"","format":"standard","meta":[],"categories":[23],"tags":[],"builder_content":"","_links":{"self":[{"href":"https:\/\/www.embra.cz\/index.php?rest_route=\/wp\/v2\/posts\/668"}],"collection":[{"href":"https:\/\/www.embra.cz\/index.php?rest_route=\/wp\/v2\/posts"}],"about":[{"href":"https:\/\/www.embra.cz\/index.php?rest_route=\/wp\/v2\/types\/post"}],"author":[{"embeddable":true,"href":"https:\/\/www.embra.cz\/index.php?rest_route=\/wp\/v2\/users\/1"}],"replies":[{"embeddable":true,"href":"https:\/\/www.embra.cz\/index.php?rest_route=%2Fwp%2Fv2%2Fcomments&post=668"}],"version-history":[{"count":0,"href":"https:\/\/www.embra.cz\/index.php?rest_route=\/wp\/v2\/posts\/668\/revisions"}],"wp:featuredmedia":[{"embeddable":true,"href":"https:\/\/www.embra.cz\/index.php?rest_route=\/wp\/v2\/media\/669"}],"wp:attachment":[{"href":"https:\/\/www.embra.cz\/index.php?rest_route=%2Fwp%2Fv2%2Fmedia&parent=668"}],"wp:term":[{"taxonomy":"category","embeddable":true,"href":"https:\/\/www.embra.cz\/index.php?rest_route=%2Fwp%2Fv2%2Fcategories&post=668"},{"taxonomy":"post_tag","embeddable":true,"href":"https:\/\/www.embra.cz\/index.php?rest_route=%2Fwp%2Fv2%2Ftags&post=668"}],"curies":[{"name":"wp","href":"https:\/\/api.w.org\/{rel}","templated":true}]}}